{"id":741,"date":"2019-09-07T10:20:33","date_gmt":"2019-09-07T13:20:33","guid":{"rendered":"http:\/\/food.camilalui.com\/?p=741"},"modified":"2019-09-07T10:20:33","modified_gmt":"2019-09-07T13:20:33","slug":"lasanha-de-berinjela","status":"publish","type":"post","link":"https:\/\/foodbycamila.com\/?p=741","title":{"rendered":"Lasanha de Berinjela"},"content":{"rendered":"\n<h4><strong>Ingredientes<\/strong><\/h4>\n<p>2-3 Berinjelas em fatias<br \/>4 tomates em fatias<br \/>2 cebolas em fatias<br \/>250g ricota fresca<br \/>50g parmes\u00e3o para gratinar<br \/>Manjeric\u00e3o fresco (opcional)<br \/>Azeitonas (opcional)<br \/>Or\u00e9gano (opcional)<br \/>Molho de tomate de sua escolha<br \/>Azeite para tostar a berinjela<br \/>Sal para temperar<\/p>\n\n\n<h4><strong>Preparo<\/strong><\/h4>\n<p>1. Pr\u00e9-aque\u00e7a o forno a 200 graus<br \/>2. Fatie todos os ingredientes caso ainda n\u00e3o estejam fatiados e reserve<br \/>3. Aque\u00e7a uma panela antiaderente com um fio de azeite e toste as fatias de berinjela, reserve<\/p>\n\n\n<figure class=\"wp-block-image\"><img decoding=\"async\" class=\"wp-image-743\" src=\"http:\/\/food.camilalui.com\/wp-content\/uploads\/2019\/09\/IMG_5616-1024x768.jpg\" alt=\"\" \/><\/figure>\n\n\n<figure class=\"wp-block-image\"><img decoding=\"async\" class=\"wp-image-744\" src=\"http:\/\/food.camilalui.com\/wp-content\/uploads\/2019\/09\/IMG_5617-1024x768.jpg\" alt=\"\" \/><\/figure>\n\n\n<figure class=\"wp-block-image\"><img decoding=\"async\" class=\"wp-image-745\" src=\"http:\/\/food.camilalui.com\/wp-content\/uploads\/2019\/09\/IMG_5619-1024x768.jpg\" alt=\"\" \/><\/figure>\n\n\n<p><br \/>3. Em um refrat\u00e1rio m\u00e9dio, monte a lasanha fazendo camadas conforme abaixo:<\/p>\n\n\n<ul class=\"wp-block-list\">\n<li>Molho de tomate<\/li>\n<li>Berinjela<\/li>\n<li>Cebola<\/li>\n<li>Azeitonas + or\u00e9gano (ou os temperos que vc desejar)<\/li>\n<li>Tomate<\/li>\n<li>Manjeric\u00e3o<\/li>\n<li>Tempere com sal<\/li>\n<li>Ricota<\/li>\n<\/ul>\n\n\n<figure class=\"wp-block-image\"><img decoding=\"async\" class=\"wp-image-746\" src=\"http:\/\/food.camilalui.com\/wp-content\/uploads\/2019\/09\/Lasanha01-e1567861938858-576x1024.jpg\" alt=\"\" \/><\/figure>\n\n\n<figure class=\"wp-block-image\"><img decoding=\"async\" class=\"wp-image-747\" src=\"http:\/\/food.camilalui.com\/wp-content\/uploads\/2019\/09\/Lasanha02-e1567862012618-576x1024.jpg\" alt=\"\" \/><\/figure>\n\n\n<figure class=\"wp-block-image\"><img decoding=\"async\" class=\"wp-image-748\" src=\"http:\/\/food.camilalui.com\/wp-content\/uploads\/2019\/09\/Lasanha03-e1567862024169-576x1024.jpg\" alt=\"\" \/><\/figure>\n\n\n<figure class=\"wp-block-image\"><img decoding=\"async\" class=\"wp-image-749\" src=\"http:\/\/food.camilalui.com\/wp-content\/uploads\/2019\/09\/Lasanha04-e1567862033228-576x1024.jpg\" alt=\"\" \/><\/figure>\n\n\n<figure class=\"wp-block-image\"><img decoding=\"async\" class=\"wp-image-750\" src=\"http:\/\/food.camilalui.com\/wp-content\/uploads\/2019\/09\/Lasanha05-e1567862058290-576x1024.jpg\" alt=\"\" \/><\/figure>\n\n\n<figure class=\"wp-block-image\"><img decoding=\"async\" class=\"wp-image-751\" src=\"http:\/\/food.camilalui.com\/wp-content\/uploads\/2019\/09\/Lasanha06-e1567862070662-576x1024.jpg\" alt=\"\" \/><\/figure>\n\n\n<figure class=\"wp-block-image\"><img decoding=\"async\" class=\"wp-image-752\" src=\"http:\/\/food.camilalui.com\/wp-content\/uploads\/2019\/09\/Lasanha07-e1567862082952-576x1024.jpg\" alt=\"\" \/><\/figure>\n\n\n<figure class=\"wp-block-image\"><img decoding=\"async\" class=\"wp-image-753\" src=\"http:\/\/food.camilalui.com\/wp-content\/uploads\/2019\/09\/Lasanha08-e1567862101105-576x1024.jpg\" alt=\"\" \/><\/figure>\n\n\n<p>4. Continue fazendo as camadas e no final distribua uma camada de molho de tomate, salpique queijo parmes\u00e3o e leve ao forno com papel alum\u00ednio por cima por 30 minutos. Voc\u00ea pode pular esta etapa, mas eu gosto da lasanha com todos ingredientes bem molinhos ent\u00e3o eu gosto de assar bem.<br \/><br \/>5. Ap\u00f3s 30 minutos, retire o papel alum\u00ednio para gratinar.<br \/><br \/>Dura at\u00e9 3 dias na geladeira, tamb\u00e9m pode ser congelada.<\/p>\n","protected":false},"excerpt":{"rendered":"<p>Ingredientes 2-3 Berinjelas em fatias4 tomates em fatias2 cebolas em fatias250g ricota fresca50g parmes\u00e3o para gratinarManjeric\u00e3o fresco (opcional)Azeitonas (opcional)Or\u00e9gano (opcional)Molho de tomate de sua escolhaAzeite para tostar a berinjelaSal para temperar Preparo 1. Pr\u00e9-aque\u00e7a o forno a 200 graus2. Fatie&#8230;<\/p>\n","protected":false},"author":1,"featured_media":763,"comment_status":"open","ping_status":"open","sticky":false,"template":"","format":"standard","meta":{"footnotes":""},"categories":[6,7,8,14],"tags":[],"class_list":["post-741","post","type-post","status-publish","format-standard","has-post-thumbnail","hentry","category-lowcarb","category-main","category-receitas","category-veg"],"_links":{"self":[{"href":"https:\/\/foodbycamila.com\/index.php?rest_route=\/wp\/v2\/posts\/741","targetHints":{"allow":["GET"]}}],"collection":[{"href":"https:\/\/foodbycamila.com\/index.php?rest_route=\/wp\/v2\/posts"}],"about":[{"href":"https:\/\/foodbycamila.com\/index.php?rest_route=\/wp\/v2\/types\/post"}],"author":[{"embeddable":true,"href":"https:\/\/foodbycamila.com\/index.php?rest_route=\/wp\/v2\/users\/1"}],"replies":[{"embeddable":true,"href":"https:\/\/foodbycamila.com\/index.php?rest_route=%2Fwp%2Fv2%2Fcomments&post=741"}],"version-history":[{"count":0,"href":"https:\/\/foodbycamila.com\/index.php?rest_route=\/wp\/v2\/posts\/741\/revisions"}],"wp:featuredmedia":[{"embeddable":true,"href":"https:\/\/foodbycamila.com\/index.php?rest_route=\/wp\/v2\/media\/763"}],"wp:attachment":[{"href":"https:\/\/foodbycamila.com\/index.php?rest_route=%2Fwp%2Fv2%2Fmedia&parent=741"}],"wp:term":[{"taxonomy":"category","embeddable":true,"href":"https:\/\/foodbycamila.com\/index.php?rest_route=%2Fwp%2Fv2%2Fcategories&post=741"},{"taxonomy":"post_tag","embeddable":true,"href":"https:\/\/foodbycamila.com\/index.php?rest_route=%2Fwp%2Fv2%2Ftags&post=741"}],"curies":[{"name":"wp","href":"https:\/\/api.w.org\/{rel}","templated":true}]}}