{"id":719,"date":"2019-07-25T07:05:09","date_gmt":"2019-07-25T10:05:09","guid":{"rendered":"http:\/\/food.camilalui.com\/?p=719"},"modified":"2019-07-25T07:05:09","modified_gmt":"2019-07-25T10:05:09","slug":"abobora-gratinada-com-parmesao","status":"publish","type":"post","link":"https:\/\/foodbycamila.com\/?p=719","title":{"rendered":"Ab\u00f3bora Gratinada com Parmes\u00e3o"},"content":{"rendered":"\n<h4><strong>Ingredientes<\/strong><\/h4>\n<p>1 ab\u00f3bora pequena (eu usei butternut squash, mas voc\u00ea pode usar cabotia ou outro tipo de sua escolha)<br \/>3 col sopa de am\u00eandoa mo\u00edda (ou qualquer outra castanha que voc\u00ea tiver)<br \/>3 col sopa de parmes\u00e3o ralado<br \/>3 col sopa de salsinha picada<br \/>1 dente de alho picadinho ou alho em p\u00f3<br \/>Azeite de oliva (ou o \u00f3leo de sua prefer\u00eancia)<br \/>Sal e pimenta do reino a gosto<\/p>\n\n\n<h4><strong>Preparo<\/strong><\/h4>\n<p>1. Aque\u00e7a o forno a 200 graus<br \/>2. Descasque a ab\u00f3bora e corte em fatias de aproximadamente 2 cm<br \/>3. Em um refrat\u00e1rio\/assadeira que possa ir ao forno, coloque as fatias, tempere com azeite, sal e pimenta<\/p>\n\n\n<figure class=\"wp-block-image\"><img loading=\"lazy\" decoding=\"async\" width=\"1024\" height=\"768\" class=\"wp-image-720\" src=\"http:\/\/food.camilalui.com\/wp-content\/uploads\/2019\/07\/Butternut01-1024x768.jpeg\" alt=\"\" srcset=\"https:\/\/foodbycamila.com\/wp-content\/uploads\/2019\/07\/Butternut01-1024x768.jpeg 1024w, https:\/\/foodbycamila.com\/wp-content\/uploads\/2019\/07\/Butternut01-300x225.jpeg 300w, https:\/\/foodbycamila.com\/wp-content\/uploads\/2019\/07\/Butternut01-768x576.jpeg 768w, https:\/\/foodbycamila.com\/wp-content\/uploads\/2019\/07\/Butternut01-1536x1152.jpeg 1536w, https:\/\/foodbycamila.com\/wp-content\/uploads\/2019\/07\/Butternut01.jpeg 1600w\" sizes=\"auto, (max-width: 1024px) 100vw, 1024px\" \/><\/figure>\n\n\n<p><br \/>4. Misture a am\u00eandoa, parmes\u00e3o e o alho e espalhe por cima da ab\u00f3bora<\/p>\n\n\n<figure class=\"wp-block-image\"><img loading=\"lazy\" decoding=\"async\" width=\"1024\" height=\"768\" class=\"wp-image-721\" src=\"http:\/\/food.camilalui.com\/wp-content\/uploads\/2019\/07\/Butternut04-1024x768.jpeg\" alt=\"\" srcset=\"https:\/\/foodbycamila.com\/wp-content\/uploads\/2019\/07\/Butternut04-1024x768.jpeg 1024w, https:\/\/foodbycamila.com\/wp-content\/uploads\/2019\/07\/Butternut04-300x225.jpeg 300w, https:\/\/foodbycamila.com\/wp-content\/uploads\/2019\/07\/Butternut04-768x576.jpeg 768w, https:\/\/foodbycamila.com\/wp-content\/uploads\/2019\/07\/Butternut04-1536x1152.jpeg 1536w, https:\/\/foodbycamila.com\/wp-content\/uploads\/2019\/07\/Butternut04.jpeg 1600w\" sizes=\"auto, (max-width: 1024px) 100vw, 1024px\" \/><\/figure>\n\n\n<p><br \/>5. Leve ao forno at\u00e9 gratinar<\/p>\n\n\n<figure class=\"wp-block-image\"><img loading=\"lazy\" decoding=\"async\" width=\"1024\" height=\"768\" class=\"wp-image-722\" src=\"http:\/\/food.camilalui.com\/wp-content\/uploads\/2019\/07\/Butternut03-1024x768.jpeg\" alt=\"\" srcset=\"https:\/\/foodbycamila.com\/wp-content\/uploads\/2019\/07\/Butternut03-1024x768.jpeg 1024w, https:\/\/foodbycamila.com\/wp-content\/uploads\/2019\/07\/Butternut03-300x225.jpeg 300w, https:\/\/foodbycamila.com\/wp-content\/uploads\/2019\/07\/Butternut03-768x576.jpeg 768w, https:\/\/foodbycamila.com\/wp-content\/uploads\/2019\/07\/Butternut03-1536x1152.jpeg 1536w, https:\/\/foodbycamila.com\/wp-content\/uploads\/2019\/07\/Butternut03.jpeg 1600w\" sizes=\"auto, (max-width: 1024px) 100vw, 1024px\" \/><\/figure>\n\n\n<figure class=\"wp-block-image\"><img loading=\"lazy\" decoding=\"async\" width=\"1024\" height=\"576\" class=\"wp-image-723\" src=\"http:\/\/food.camilalui.com\/wp-content\/uploads\/2019\/07\/Butternut05-1024x576.jpeg\" alt=\"\" srcset=\"https:\/\/foodbycamila.com\/wp-content\/uploads\/2019\/07\/Butternut05-1024x576.jpeg 1024w, https:\/\/foodbycamila.com\/wp-content\/uploads\/2019\/07\/Butternut05-300x169.jpeg 300w, https:\/\/foodbycamila.com\/wp-content\/uploads\/2019\/07\/Butternut05-768x432.jpeg 768w, https:\/\/foodbycamila.com\/wp-content\/uploads\/2019\/07\/Butternut05-1536x864.jpeg 1536w, https:\/\/foodbycamila.com\/wp-content\/uploads\/2019\/07\/Butternut05-800x450.jpeg 800w, https:\/\/foodbycamila.com\/wp-content\/uploads\/2019\/07\/Butternut05.jpeg 1600w\" sizes=\"auto, (max-width: 1024px) 100vw, 1024px\" \/><\/figure>\n","protected":false},"excerpt":{"rendered":"<p>Ingredientes 1 ab\u00f3bora pequena (eu usei butternut squash, mas voc\u00ea pode usar cabotia ou outro tipo de sua escolha)3 col sopa de am\u00eandoa mo\u00edda (ou qualquer outra castanha que voc\u00ea tiver)3 col sopa de parmes\u00e3o ralado3 col sopa de salsinha&#8230;<\/p>\n","protected":false},"author":1,"featured_media":724,"comment_status":"open","ping_status":"open","sticky":false,"template":"","format":"standard","meta":{"footnotes":""},"categories":[6,7,8,14],"tags":[],"class_list":["post-719","post","type-post","status-publish","format-standard","has-post-thumbnail","hentry","category-lowcarb","category-main","category-receitas","category-veg"],"_links":{"self":[{"href":"https:\/\/foodbycamila.com\/index.php?rest_route=\/wp\/v2\/posts\/719","targetHints":{"allow":["GET"]}}],"collection":[{"href":"https:\/\/foodbycamila.com\/index.php?rest_route=\/wp\/v2\/posts"}],"about":[{"href":"https:\/\/foodbycamila.com\/index.php?rest_route=\/wp\/v2\/types\/post"}],"author":[{"embeddable":true,"href":"https:\/\/foodbycamila.com\/index.php?rest_route=\/wp\/v2\/users\/1"}],"replies":[{"embeddable":true,"href":"https:\/\/foodbycamila.com\/index.php?rest_route=%2Fwp%2Fv2%2Fcomments&post=719"}],"version-history":[{"count":0,"href":"https:\/\/foodbycamila.com\/index.php?rest_route=\/wp\/v2\/posts\/719\/revisions"}],"wp:featuredmedia":[{"embeddable":true,"href":"https:\/\/foodbycamila.com\/index.php?rest_route=\/wp\/v2\/media\/724"}],"wp:attachment":[{"href":"https:\/\/foodbycamila.com\/index.php?rest_route=%2Fwp%2Fv2%2Fmedia&parent=719"}],"wp:term":[{"taxonomy":"category","embeddable":true,"href":"https:\/\/foodbycamila.com\/index.php?rest_route=%2Fwp%2Fv2%2Fcategories&post=719"},{"taxonomy":"post_tag","embeddable":true,"href":"https:\/\/foodbycamila.com\/index.php?rest_route=%2Fwp%2Fv2%2Ftags&post=719"}],"curies":[{"name":"wp","href":"https:\/\/api.w.org\/{rel}","templated":true}]}}