{"id":705,"date":"2019-06-29T12:32:42","date_gmt":"2019-06-29T15:32:42","guid":{"rendered":"http:\/\/food.camilalui.com\/?p=705"},"modified":"2019-06-29T12:32:42","modified_gmt":"2019-06-29T15:32:42","slug":"pao-sem-trigo","status":"publish","type":"post","link":"https:\/\/foodbycamila.com\/?p=705","title":{"rendered":"P\u00e3o sem trigo"},"content":{"rendered":"\n<h4><strong>Ingredientes<\/strong><\/h4>\n<p>1 ovo<br \/>1 colher sopa cream cheese<br \/>1 colher sopa de parmes\u00e3o ralado<br \/>1 colher caf\u00e9 de manteiga<br \/>1\/2 colher caf\u00e9 de fermento em p\u00f3<br \/>2 colheres sopa de farinha de am\u00eandoas ou oleaginosas<br \/>1 pitada de sal<br \/><br \/><strong>Opcional: <\/strong>voc\u00ea pode usar alho em p\u00f3, cebola em p\u00f3 ou or\u00e9gano para saborizar seu p\u00e3ozinho, totalmente opcional.<\/p>\n<p><img decoding=\"async\" class=\"wp-image-706\" src=\"http:\/\/food.camilalui.com\/wp-content\/uploads\/2019\/06\/IMG_4024-e1561822304276-1024x768.jpg\" alt=\"\" \/><\/p>\n\n\n\n<h4><strong>Preparo<\/strong><\/h4>\n<p>1. Misture tudo at\u00e9 que fique homog\u00eaneo e leve para assar, em forno m\u00e9dio (180-190 graus) at\u00e9 que fique douradinho. Como esta receita \u00e9 para 1 por\u00e7\u00e3o somente, leve para assar em um recipiente pequeno. Ainda n\u00e3o testei na frigideira, mas deve dar certo tamb\u00e9m!<\/p>\n\n\n<p>&nbsp;<\/p>\n","protected":false},"excerpt":{"rendered":"<p>Ingredientes 1 ovo1 colher sopa cream cheese1 colher sopa de parmes\u00e3o ralado1 colher caf\u00e9 de manteiga1\/2 colher caf\u00e9 de fermento em p\u00f32 colheres sopa de farinha de am\u00eandoas ou oleaginosas1 pitada de sal Opcional: voc\u00ea pode usar alho em p\u00f3,&#8230;<\/p>\n","protected":false},"author":1,"featured_media":708,"comment_status":"open","ping_status":"open","sticky":false,"template":"","format":"standard","meta":{"footnotes":""},"categories":[6,8,10],"tags":[],"class_list":["post-705","post","type-post","status-publish","format-standard","has-post-thumbnail","hentry","category-lowcarb","category-receitas","category-snack"],"_links":{"self":[{"href":"https:\/\/foodbycamila.com\/index.php?rest_route=\/wp\/v2\/posts\/705","targetHints":{"allow":["GET"]}}],"collection":[{"href":"https:\/\/foodbycamila.com\/index.php?rest_route=\/wp\/v2\/posts"}],"about":[{"href":"https:\/\/foodbycamila.com\/index.php?rest_route=\/wp\/v2\/types\/post"}],"author":[{"embeddable":true,"href":"https:\/\/foodbycamila.com\/index.php?rest_route=\/wp\/v2\/users\/1"}],"replies":[{"embeddable":true,"href":"https:\/\/foodbycamila.com\/index.php?rest_route=%2Fwp%2Fv2%2Fcomments&post=705"}],"version-history":[{"count":0,"href":"https:\/\/foodbycamila.com\/index.php?rest_route=\/wp\/v2\/posts\/705\/revisions"}],"wp:featuredmedia":[{"embeddable":true,"href":"https:\/\/foodbycamila.com\/index.php?rest_route=\/wp\/v2\/media\/708"}],"wp:attachment":[{"href":"https:\/\/foodbycamila.com\/index.php?rest_route=%2Fwp%2Fv2%2Fmedia&parent=705"}],"wp:term":[{"taxonomy":"category","embeddable":true,"href":"https:\/\/foodbycamila.com\/index.php?rest_route=%2Fwp%2Fv2%2Fcategories&post=705"},{"taxonomy":"post_tag","embeddable":true,"href":"https:\/\/foodbycamila.com\/index.php?rest_route=%2Fwp%2Fv2%2Ftags&post=705"}],"curies":[{"name":"wp","href":"https:\/\/api.w.org\/{rel}","templated":true}]}}